{"id":3197,"date":"2025-06-09T16:28:24","date_gmt":"2025-06-09T16:28:24","guid":{"rendered":"https:\/\/www.mbcl-international.net\/?p=3197"},"modified":"2025-06-10T20:11:28","modified_gmt":"2025-06-10T20:11:28","slug":"einsamkeit-und-verbundenheit-in-diesen-zeiten","status":"publish","type":"post","link":"https:\/\/www.mbcl-international.net\/de\/einsamkeit-und-verbundenheit-in-diesen-zeiten\/","title":{"rendered":"Einsamkeit und Verbundenheit in diesen Zeiten"},"content":{"rendered":"<p>[et_pb_section fb_built=&#8220;1&#8243; _builder_version=&#8220;4.19.4&#8243; _module_preset=&#8220;default&#8220; custom_padding=&#8220;||0px|||&#8220; global_colors_info=&#8220;{}&#8220; theme_builder_area=&#8220;post_content&#8220;][et_pb_row _builder_version=&#8220;4.19.4&#8243; _module_preset=&#8220;default&#8220; custom_margin=&#8220;||||false|false&#8220; custom_padding=&#8220;0px||||false|false&#8220; global_colors_info=&#8220;{}&#8220; theme_builder_area=&#8220;post_content&#8220;][et_pb_column type=&#8220;4_4&#8243; _builder_version=&#8220;4.19.4&#8243; _module_preset=&#8220;default&#8220; global_colors_info=&#8220;{}&#8220; theme_builder_area=&#8220;post_content&#8220;][et_pb_text _builder_version=&#8220;4.27.4&#8243; _module_preset=&#8220;default&#8220; hover_enabled=&#8220;0&#8243; global_colors_info=&#8220;{}&#8220; theme_builder_area=&#8220;post_content&#8220; sticky_enabled=&#8220;0&#8243;]<\/p>\n<blockquote>\n<p>Diese Idee der gemeinsamen Menschlichkeit und der Verbindungen, die wir miteinander herstellen &#8211; das ist es, was das Leben in der Tat lebenswert macht.<br \/>&#8211; Clint Smith, Autor und Wissenschaftler<\/p>\n<\/blockquote>\n<p>Vor einiger Zeit habe ich \u201e<a href=\"https:\/\/www.thalia.de\/shop\/home\/artikeldetails\/A1071787413\" target=\"_blank\" rel=\"noopener\">Das einsame Jahrhundert<\/a>\u201c der Wirtschaftswissenschaftlerin Noreena Hertz gelesen. In ihrem Buch beschreibt sie die besorgniserregend wachsende Einsamkeit auf der ganzen Welt, die durch die sozialen Medien, Covid, die Klimakrise, die t\u00e4glichen Schreckensnachrichten \u00fcber den V\u00f6lkermord in Gaza, den anhaltenden Krieg in der Ukraine und andere Brennpunkte der Gewalt sowie die starke Polarisierung der Ansichten und die zunehmende Intoleranz, die in vielen L\u00e4ndern zu sp\u00fcren ist, nur noch verst\u00e4rkt wird.<\/p>\n<p>Das Thema hat mich ber\u00fchrt, weil ich selbst als Jugendliche mit Einsamkeit zu k\u00e4mpfen hatte und anfangs nicht in der Lage war, auf gesunde Weise damit umzugehen. Das war ein fruchtbarer Boden f\u00fcr H\u00e4rte, vor allem mir selbst gegen\u00fcber (nat\u00fcrlich kann sich das auch nach au\u00dfen wenden und zu einem N\u00e4hrboden f\u00fcr H\u00e4rte gegen\u00fcber anderen werden).<\/p>\n<p>Ich bin sehr froh, dass ich die Praxis der Achtsamkeit schon in jungen Jahren kennengelernt habe, ich habe sie als Rettungsanker erlebt. Es bot einen praktischen Weg, sich achtsam mit den gegenw\u00e4rtigen Erfahrungen in K\u00f6rper und Geist zu verbinden und weiser und mitf\u00fchlender mit mir selbst und der Welt um mich herum umzugehen.<\/p>\n<p>Aber ich habe den Eindruck, dass Achtsamkeit allein in dieser verletzlichen und \u201eblutenden\u201c Welt nicht mehr ausreicht. Grundlegende Achtsamkeitsprogramme wie MBSR und MBCT bieten eine wunderbare <em>intrapersonelle<\/em> Einf\u00fchrung. Aber das sich rasch ver\u00e4ndernde \u201eeinsame Jahrhundert\u201c k\u00f6nnte einen zus\u00e4tzlichen Anreiz bieten, die Achtsamkeit auch <em>zwischenmenschlich<\/em> zu vertiefen, mit prosozialen F\u00e4higkeiten.<\/p>\n<p>Das Programm Mindfulness-Based Compassionate Living ist ein wertvolles Mittel, um die Verbundenheit mit uns selbst, anderen und der Welt um uns herum zu entwickeln. So k\u00f6nnen wir auf mitf\u00fchlende Weise reagieren.<\/p>\n<p><strong>MBCL Einf\u00fchrungskurse<\/strong> (MBCL 8-Wochen-Kurs, MBCL Grundkurs oder MBCL Retreat) bieten Ihnen die M\u00f6glichkeit, die wichtigsten \u00dcbungen und Inhalte des MBCL-Programms kennenzulernen und Ihre eigene Mitgef\u00fchlspraxis zu entwickeln.<\/p>\n<p>Aufbauend auf Ihren eigenen Erfahrungen mit MBCL m\u00f6chten Sie vielleicht mit einem <strong>MBCL Teacher Training<\/strong> Kurs fortfahren, was der n\u00e4chste Schritt auf Ihrer MBCL Reise w\u00e4re. Dieses Teacher Training ist f\u00fcr MBSR\/MBCT-Lehrer geeignet, die den 8-w\u00f6chigen MBCL-Kurs unterrichten m\u00f6chten, sowie f\u00fcr Angeh\u00f6rige der Gesundheitsberufe, die Elemente von MBCL in ihre Arbeit einbeziehen m\u00f6chten.<\/p>\n<p>MBCL wurde vor 18 Jahren von Erik und mir als wissenschaftlich fundierter, s\u00e4kularer Kurs ins Leben gerufen, um die Achtsamkeit mit \u201eHerzensg\u00fcte\u201c zu vertiefen. Es ist offiziell als Folgeprogramm nach MBSR oder MBCT anerkannt.<\/p>\n<p>Wir hoffen, Sie bei einigen dieser Veranstaltungen zu treffen. Sie sind wunderbare Gelegenheiten, auf eine Art und Weise zu \u00fcben, die uns dabei unterst\u00fctzt, den Bedingungen zu begegnen, die in unserem Leben gerade herrschen.<br \/>Ein herzliches Willkommen.<\/p>\n<p>Frits Koster<\/p>\n<p>\u2192 <a href=\"https:\/\/www.mbcl-international.net\/de\/mbcl-einfuehrung-und-weiterbildung\/\">Klicken Sie hier f\u00fcr weitere Informationen \u00fcber die MBCL Einf\u00fchrungsangebote und -Weiterbildungen und wie Sie daran teilnehmen k\u00f6nnen.<\/a><\/p>\n<p>[\/et_pb_text][\/et_pb_column][\/et_pb_row][\/et_pb_section]<\/p>\n","protected":false},"excerpt":{"rendered":"<p>Diese Idee der gemeinsamen Menschlichkeit und der Verbindungen, die wir miteinander herstellen &#8211; das ist es, was das Leben in der Tat lebenswert macht.- Clint Smith, Autor und Wissenschaftler Vor einiger Zeit habe ich \u201eDas einsame Jahrhundert\u201c der Wirtschaftswissenschaftlerin Noreena Hertz gelesen. In ihrem Buch beschreibt sie die besorgniserregend wachsende Einsamkeit auf der ganzen Welt, [&hellip;]<\/p>\n","protected":false},"author":4,"featured_media":3189,"comment_status":"closed","ping_status":"closed","sticky":false,"template":"","format":"standard","meta":{"_et_pb_use_builder":"on","_et_pb_old_content":"","_et_gb_content_width":"","footnotes":""},"categories":[112],"tags":[],"class_list":["post-3197","post","type-post","status-publish","format-standard","has-post-thumbnail","hentry","category-unkategorisiert"],"yoast_head":"<!-- This site is optimized with the Yoast SEO plugin v27.3 - https:\/\/yoast.com\/product\/yoast-seo-wordpress\/ -->\n<title>Einsamkeit und Verbundenheit in diesen Zeiten - MBCL International<\/title>\n<meta name=\"robots\" content=\"index, follow, max-snippet:-1, max-image-preview:large, max-video-preview:-1\" \/>\n<link rel=\"canonical\" href=\"https:\/\/www.mbcl-international.net\/de\/einsamkeit-und-verbundenheit-in-diesen-zeiten\/\" \/>\n<meta property=\"og:locale\" content=\"de_DE\" \/>\n<meta property=\"og:type\" content=\"article\" \/>\n<meta property=\"og:title\" content=\"Einsamkeit und Verbundenheit in diesen Zeiten - MBCL International\" \/>\n<meta property=\"og:description\" content=\"Diese Idee der gemeinsamen Menschlichkeit und der Verbindungen, die wir miteinander herstellen - das ist es, was das Leben in der Tat lebenswert macht.- Clint Smith, Autor und Wissenschaftler Vor einiger Zeit habe ich \u201eDas einsame Jahrhundert\u201c der Wirtschaftswissenschaftlerin Noreena Hertz gelesen. In ihrem Buch beschreibt sie die besorgniserregend wachsende Einsamkeit auf der ganzen Welt, [&hellip;]\" \/>\n<meta property=\"og:url\" content=\"https:\/\/www.mbcl-international.net\/de\/einsamkeit-und-verbundenheit-in-diesen-zeiten\/\" \/>\n<meta property=\"og:site_name\" content=\"MBCL International\" \/>\n<meta property=\"article:published_time\" content=\"2025-06-09T16:28:24+00:00\" \/>\n<meta property=\"article:modified_time\" content=\"2025-06-10T20:11:28+00:00\" \/>\n<meta name=\"author\" content=\"Frits\" \/>\n<meta name=\"twitter:card\" content=\"summary_large_image\" \/>\n<meta name=\"twitter:label1\" content=\"Verfasst von\" \/>\n\t<meta name=\"twitter:data1\" content=\"Frits\" \/>\n\t<meta name=\"twitter:label2\" content=\"Gesch\u00e4tzte Lesezeit\" \/>\n\t<meta name=\"twitter:data2\" content=\"3\u00a0Minuten\" \/>\n<script type=\"application\/ld+json\" class=\"yoast-schema-graph\">{\"@context\":\"https:\\\/\\\/schema.org\",\"@graph\":[{\"@type\":\"Article\",\"@id\":\"https:\\\/\\\/www.mbcl-international.net\\\/de\\\/einsamkeit-und-verbundenheit-in-diesen-zeiten\\\/#article\",\"isPartOf\":{\"@id\":\"https:\\\/\\\/www.mbcl-international.net\\\/de\\\/einsamkeit-und-verbundenheit-in-diesen-zeiten\\\/\"},\"author\":{\"name\":\"Frits\",\"@id\":\"https:\\\/\\\/www.mbcl-international.net\\\/de\\\/#\\\/schema\\\/person\\\/500afefaeb356ca2f394d46e171f4025\"},\"headline\":\"Einsamkeit und Verbundenheit in diesen Zeiten\",\"datePublished\":\"2025-06-09T16:28:24+00:00\",\"dateModified\":\"2025-06-10T20:11:28+00:00\",\"mainEntityOfPage\":{\"@id\":\"https:\\\/\\\/www.mbcl-international.net\\\/de\\\/einsamkeit-und-verbundenheit-in-diesen-zeiten\\\/\"},\"wordCount\":609,\"publisher\":{\"@id\":\"https:\\\/\\\/www.mbcl-international.net\\\/de\\\/#organization\"},\"image\":{\"@id\":\"https:\\\/\\\/www.mbcl-international.net\\\/de\\\/einsamkeit-und-verbundenheit-in-diesen-zeiten\\\/#primaryimage\"},\"thumbnailUrl\":\"https:\\\/\\\/www.mbcl-international.net\\\/wp-content\\\/uploads\\\/2025\\\/06\\\/Loneliness-and-Connectivity-MBCL-International.avif\",\"articleSection\":[\"Unkategorisiert\"],\"inLanguage\":\"de\"},{\"@type\":\"WebPage\",\"@id\":\"https:\\\/\\\/www.mbcl-international.net\\\/de\\\/einsamkeit-und-verbundenheit-in-diesen-zeiten\\\/\",\"url\":\"https:\\\/\\\/www.mbcl-international.net\\\/de\\\/einsamkeit-und-verbundenheit-in-diesen-zeiten\\\/\",\"name\":\"Einsamkeit und Verbundenheit in diesen Zeiten - MBCL International\",\"isPartOf\":{\"@id\":\"https:\\\/\\\/www.mbcl-international.net\\\/de\\\/#website\"},\"primaryImageOfPage\":{\"@id\":\"https:\\\/\\\/www.mbcl-international.net\\\/de\\\/einsamkeit-und-verbundenheit-in-diesen-zeiten\\\/#primaryimage\"},\"image\":{\"@id\":\"https:\\\/\\\/www.mbcl-international.net\\\/de\\\/einsamkeit-und-verbundenheit-in-diesen-zeiten\\\/#primaryimage\"},\"thumbnailUrl\":\"https:\\\/\\\/www.mbcl-international.net\\\/wp-content\\\/uploads\\\/2025\\\/06\\\/Loneliness-and-Connectivity-MBCL-International.avif\",\"datePublished\":\"2025-06-09T16:28:24+00:00\",\"dateModified\":\"2025-06-10T20:11:28+00:00\",\"breadcrumb\":{\"@id\":\"https:\\\/\\\/www.mbcl-international.net\\\/de\\\/einsamkeit-und-verbundenheit-in-diesen-zeiten\\\/#breadcrumb\"},\"inLanguage\":\"de\",\"potentialAction\":[{\"@type\":\"ReadAction\",\"target\":[\"https:\\\/\\\/www.mbcl-international.net\\\/de\\\/einsamkeit-und-verbundenheit-in-diesen-zeiten\\\/\"]}]},{\"@type\":\"ImageObject\",\"inLanguage\":\"de\",\"@id\":\"https:\\\/\\\/www.mbcl-international.net\\\/de\\\/einsamkeit-und-verbundenheit-in-diesen-zeiten\\\/#primaryimage\",\"url\":\"https:\\\/\\\/www.mbcl-international.net\\\/wp-content\\\/uploads\\\/2025\\\/06\\\/Loneliness-and-Connectivity-MBCL-International.avif\",\"contentUrl\":\"https:\\\/\\\/www.mbcl-international.net\\\/wp-content\\\/uploads\\\/2025\\\/06\\\/Loneliness-and-Connectivity-MBCL-International.avif\",\"width\":1200,\"height\":675},{\"@type\":\"BreadcrumbList\",\"@id\":\"https:\\\/\\\/www.mbcl-international.net\\\/de\\\/einsamkeit-und-verbundenheit-in-diesen-zeiten\\\/#breadcrumb\",\"itemListElement\":[{\"@type\":\"ListItem\",\"position\":1,\"name\":\"Startseite\",\"item\":\"https:\\\/\\\/www.mbcl-international.net\\\/de\\\/\"},{\"@type\":\"ListItem\",\"position\":2,\"name\":\"Einsamkeit und Verbundenheit in diesen Zeiten\"}]},{\"@type\":\"WebSite\",\"@id\":\"https:\\\/\\\/www.mbcl-international.net\\\/de\\\/#website\",\"url\":\"https:\\\/\\\/www.mbcl-international.net\\\/de\\\/\",\"name\":\"MBCL International\",\"description\":\"Mindfulness-Based Compassionate Living\",\"publisher\":{\"@id\":\"https:\\\/\\\/www.mbcl-international.net\\\/de\\\/#organization\"},\"potentialAction\":[{\"@type\":\"SearchAction\",\"target\":{\"@type\":\"EntryPoint\",\"urlTemplate\":\"https:\\\/\\\/www.mbcl-international.net\\\/de\\\/?s={search_term_string}\"},\"query-input\":{\"@type\":\"PropertyValueSpecification\",\"valueRequired\":true,\"valueName\":\"search_term_string\"}}],\"inLanguage\":\"de\"},{\"@type\":\"Organization\",\"@id\":\"https:\\\/\\\/www.mbcl-international.net\\\/de\\\/#organization\",\"name\":\"MBCL\",\"url\":\"https:\\\/\\\/www.mbcl-international.net\\\/de\\\/\",\"logo\":{\"@type\":\"ImageObject\",\"inLanguage\":\"de\",\"@id\":\"https:\\\/\\\/www.mbcl-international.net\\\/de\\\/#\\\/schema\\\/logo\\\/image\\\/\",\"url\":\"https:\\\/\\\/www.mbcl-international.net\\\/wp-content\\\/uploads\\\/2022\\\/08\\\/MBCL-Logo.jpg\",\"contentUrl\":\"https:\\\/\\\/www.mbcl-international.net\\\/wp-content\\\/uploads\\\/2022\\\/08\\\/MBCL-Logo.jpg\",\"width\":600,\"height\":340,\"caption\":\"MBCL\"},\"image\":{\"@id\":\"https:\\\/\\\/www.mbcl-international.net\\\/de\\\/#\\\/schema\\\/logo\\\/image\\\/\"}},{\"@type\":\"Person\",\"@id\":\"https:\\\/\\\/www.mbcl-international.net\\\/de\\\/#\\\/schema\\\/person\\\/500afefaeb356ca2f394d46e171f4025\",\"name\":\"Frits\",\"image\":{\"@type\":\"ImageObject\",\"inLanguage\":\"de\",\"@id\":\"https:\\\/\\\/secure.gravatar.com\\\/avatar\\\/11041240b65f339cde12085e6ba2c85901f1e4791298e250ff52a1008af2f868?s=96&d=mm&r=g\",\"url\":\"https:\\\/\\\/secure.gravatar.com\\\/avatar\\\/11041240b65f339cde12085e6ba2c85901f1e4791298e250ff52a1008af2f868?s=96&d=mm&r=g\",\"contentUrl\":\"https:\\\/\\\/secure.gravatar.com\\\/avatar\\\/11041240b65f339cde12085e6ba2c85901f1e4791298e250ff52a1008af2f868?s=96&d=mm&r=g\",\"caption\":\"Frits\"},\"url\":\"https:\\\/\\\/www.mbcl-international.net\\\/de\\\/author\\\/frits\\\/\"}]}<\/script>\n<!-- \/ Yoast SEO plugin. -->","yoast_head_json":{"title":"Einsamkeit und Verbundenheit in diesen Zeiten - MBCL International","robots":{"index":"index","follow":"follow","max-snippet":"max-snippet:-1","max-image-preview":"max-image-preview:large","max-video-preview":"max-video-preview:-1"},"canonical":"https:\/\/www.mbcl-international.net\/de\/einsamkeit-und-verbundenheit-in-diesen-zeiten\/","og_locale":"de_DE","og_type":"article","og_title":"Einsamkeit und Verbundenheit in diesen Zeiten - MBCL International","og_description":"Diese Idee der gemeinsamen Menschlichkeit und der Verbindungen, die wir miteinander herstellen - das ist es, was das Leben in der Tat lebenswert macht.- Clint Smith, Autor und Wissenschaftler Vor einiger Zeit habe ich \u201eDas einsame Jahrhundert\u201c der Wirtschaftswissenschaftlerin Noreena Hertz gelesen. In ihrem Buch beschreibt sie die besorgniserregend wachsende Einsamkeit auf der ganzen Welt, [&hellip;]","og_url":"https:\/\/www.mbcl-international.net\/de\/einsamkeit-und-verbundenheit-in-diesen-zeiten\/","og_site_name":"MBCL International","article_published_time":"2025-06-09T16:28:24+00:00","article_modified_time":"2025-06-10T20:11:28+00:00","author":"Frits","twitter_card":"summary_large_image","twitter_misc":{"Verfasst von":"Frits","Gesch\u00e4tzte Lesezeit":"3\u00a0Minuten"},"schema":{"@context":"https:\/\/schema.org","@graph":[{"@type":"Article","@id":"https:\/\/www.mbcl-international.net\/de\/einsamkeit-und-verbundenheit-in-diesen-zeiten\/#article","isPartOf":{"@id":"https:\/\/www.mbcl-international.net\/de\/einsamkeit-und-verbundenheit-in-diesen-zeiten\/"},"author":{"name":"Frits","@id":"https:\/\/www.mbcl-international.net\/de\/#\/schema\/person\/500afefaeb356ca2f394d46e171f4025"},"headline":"Einsamkeit und Verbundenheit in diesen Zeiten","datePublished":"2025-06-09T16:28:24+00:00","dateModified":"2025-06-10T20:11:28+00:00","mainEntityOfPage":{"@id":"https:\/\/www.mbcl-international.net\/de\/einsamkeit-und-verbundenheit-in-diesen-zeiten\/"},"wordCount":609,"publisher":{"@id":"https:\/\/www.mbcl-international.net\/de\/#organization"},"image":{"@id":"https:\/\/www.mbcl-international.net\/de\/einsamkeit-und-verbundenheit-in-diesen-zeiten\/#primaryimage"},"thumbnailUrl":"https:\/\/www.mbcl-international.net\/wp-content\/uploads\/2025\/06\/Loneliness-and-Connectivity-MBCL-International.avif","articleSection":["Unkategorisiert"],"inLanguage":"de"},{"@type":"WebPage","@id":"https:\/\/www.mbcl-international.net\/de\/einsamkeit-und-verbundenheit-in-diesen-zeiten\/","url":"https:\/\/www.mbcl-international.net\/de\/einsamkeit-und-verbundenheit-in-diesen-zeiten\/","name":"Einsamkeit und Verbundenheit in diesen Zeiten - MBCL International","isPartOf":{"@id":"https:\/\/www.mbcl-international.net\/de\/#website"},"primaryImageOfPage":{"@id":"https:\/\/www.mbcl-international.net\/de\/einsamkeit-und-verbundenheit-in-diesen-zeiten\/#primaryimage"},"image":{"@id":"https:\/\/www.mbcl-international.net\/de\/einsamkeit-und-verbundenheit-in-diesen-zeiten\/#primaryimage"},"thumbnailUrl":"https:\/\/www.mbcl-international.net\/wp-content\/uploads\/2025\/06\/Loneliness-and-Connectivity-MBCL-International.avif","datePublished":"2025-06-09T16:28:24+00:00","dateModified":"2025-06-10T20:11:28+00:00","breadcrumb":{"@id":"https:\/\/www.mbcl-international.net\/de\/einsamkeit-und-verbundenheit-in-diesen-zeiten\/#breadcrumb"},"inLanguage":"de","potentialAction":[{"@type":"ReadAction","target":["https:\/\/www.mbcl-international.net\/de\/einsamkeit-und-verbundenheit-in-diesen-zeiten\/"]}]},{"@type":"ImageObject","inLanguage":"de","@id":"https:\/\/www.mbcl-international.net\/de\/einsamkeit-und-verbundenheit-in-diesen-zeiten\/#primaryimage","url":"https:\/\/www.mbcl-international.net\/wp-content\/uploads\/2025\/06\/Loneliness-and-Connectivity-MBCL-International.avif","contentUrl":"https:\/\/www.mbcl-international.net\/wp-content\/uploads\/2025\/06\/Loneliness-and-Connectivity-MBCL-International.avif","width":1200,"height":675},{"@type":"BreadcrumbList","@id":"https:\/\/www.mbcl-international.net\/de\/einsamkeit-und-verbundenheit-in-diesen-zeiten\/#breadcrumb","itemListElement":[{"@type":"ListItem","position":1,"name":"Startseite","item":"https:\/\/www.mbcl-international.net\/de\/"},{"@type":"ListItem","position":2,"name":"Einsamkeit und Verbundenheit in diesen Zeiten"}]},{"@type":"WebSite","@id":"https:\/\/www.mbcl-international.net\/de\/#website","url":"https:\/\/www.mbcl-international.net\/de\/","name":"MBCL International","description":"Mindfulness-Based Compassionate Living","publisher":{"@id":"https:\/\/www.mbcl-international.net\/de\/#organization"},"potentialAction":[{"@type":"SearchAction","target":{"@type":"EntryPoint","urlTemplate":"https:\/\/www.mbcl-international.net\/de\/?s={search_term_string}"},"query-input":{"@type":"PropertyValueSpecification","valueRequired":true,"valueName":"search_term_string"}}],"inLanguage":"de"},{"@type":"Organization","@id":"https:\/\/www.mbcl-international.net\/de\/#organization","name":"MBCL","url":"https:\/\/www.mbcl-international.net\/de\/","logo":{"@type":"ImageObject","inLanguage":"de","@id":"https:\/\/www.mbcl-international.net\/de\/#\/schema\/logo\/image\/","url":"https:\/\/www.mbcl-international.net\/wp-content\/uploads\/2022\/08\/MBCL-Logo.jpg","contentUrl":"https:\/\/www.mbcl-international.net\/wp-content\/uploads\/2022\/08\/MBCL-Logo.jpg","width":600,"height":340,"caption":"MBCL"},"image":{"@id":"https:\/\/www.mbcl-international.net\/de\/#\/schema\/logo\/image\/"}},{"@type":"Person","@id":"https:\/\/www.mbcl-international.net\/de\/#\/schema\/person\/500afefaeb356ca2f394d46e171f4025","name":"Frits","image":{"@type":"ImageObject","inLanguage":"de","@id":"https:\/\/secure.gravatar.com\/avatar\/11041240b65f339cde12085e6ba2c85901f1e4791298e250ff52a1008af2f868?s=96&d=mm&r=g","url":"https:\/\/secure.gravatar.com\/avatar\/11041240b65f339cde12085e6ba2c85901f1e4791298e250ff52a1008af2f868?s=96&d=mm&r=g","contentUrl":"https:\/\/secure.gravatar.com\/avatar\/11041240b65f339cde12085e6ba2c85901f1e4791298e250ff52a1008af2f868?s=96&d=mm&r=g","caption":"Frits"},"url":"https:\/\/www.mbcl-international.net\/de\/author\/frits\/"}]}},"_links":{"self":[{"href":"https:\/\/www.mbcl-international.net\/de\/wp-json\/wp\/v2\/posts\/3197","targetHints":{"allow":["GET"]}}],"collection":[{"href":"https:\/\/www.mbcl-international.net\/de\/wp-json\/wp\/v2\/posts"}],"about":[{"href":"https:\/\/www.mbcl-international.net\/de\/wp-json\/wp\/v2\/types\/post"}],"author":[{"embeddable":true,"href":"https:\/\/www.mbcl-international.net\/de\/wp-json\/wp\/v2\/users\/4"}],"replies":[{"embeddable":true,"href":"https:\/\/www.mbcl-international.net\/de\/wp-json\/wp\/v2\/comments?post=3197"}],"version-history":[{"count":18,"href":"https:\/\/www.mbcl-international.net\/de\/wp-json\/wp\/v2\/posts\/3197\/revisions"}],"predecessor-version":[{"id":3223,"href":"https:\/\/www.mbcl-international.net\/de\/wp-json\/wp\/v2\/posts\/3197\/revisions\/3223"}],"wp:featuredmedia":[{"embeddable":true,"href":"https:\/\/www.mbcl-international.net\/de\/wp-json\/wp\/v2\/media\/3189"}],"wp:attachment":[{"href":"https:\/\/www.mbcl-international.net\/de\/wp-json\/wp\/v2\/media?parent=3197"}],"wp:term":[{"taxonomy":"category","embeddable":true,"href":"https:\/\/www.mbcl-international.net\/de\/wp-json\/wp\/v2\/categories?post=3197"},{"taxonomy":"post_tag","embeddable":true,"href":"https:\/\/www.mbcl-international.net\/de\/wp-json\/wp\/v2\/tags?post=3197"}],"curies":[{"name":"wp","href":"https:\/\/api.w.org\/{rel}","templated":true}]}}